{"id":2332,"date":"2022-12-19T20:22:37","date_gmt":"2022-12-19T20:22:37","guid":{"rendered":"http:\/\/www.iliacan.com\/2022\/12\/19\/em-toca-a-mi-tirar-nuevo-espectaculo-de-ciudades-en-danza\/"},"modified":"2022-12-19T20:22:37","modified_gmt":"2022-12-19T20:22:37","slug":"em-toca-a-mi-tirar-nuevo-espectaculo-de-ciudades-en-danza","status":"publish","type":"post","link":"http:\/\/www.iliacan.com\/es\/2022\/12\/19\/em-toca-a-mi-tirar-nuevo-espectaculo-de-ciudades-en-danza\/","title":{"rendered":"\u00abEm toca a mi tirar\u00bb, nuevo espect\u00e1culo de Ciudades en Danza"},"content":{"rendered":"\n<p>Ciudades en Danza es un proyecto de danza comunitaria en el cual puede participar cualquier persona, sin exclusi\u00f3n, y que definimos como \u00abuna experiencia humana a trav\u00e9s del arte\u00bb. La presente edici\u00f3n tiene lugar en Sabadell y se enmarca en el proyecto <em>Torre-Romeu Batega<\/em>, que tiene por objetivo ofrecer actividades culturales para el barrio y que se extiende al resto de la ciudad gracias a\u00a0<a href=\"https:\/\/lestruch.sabadell.cat\" target=\"_blank\" rel=\"noreferrer noopener\">L\u2019Estruch, F\u00e0brica de Creaci\u00f3 de les arts en viu<\/a>.<\/p>\n\n<p>Despu\u00e9s de tres meses de ensayos en los barrios de Torre-Romeu y la Creu Alta, este proyecto de intervenci\u00f3n comunitaria se materializa en el espect\u00e1culo \u00abEm toca a mi tirar\u00bb. El espect\u00e1culo es fruto del encuentro de personas de diferentes edades y de m\u00fasicos de la ciudad que han querido colaborar en el proyecto. Una propuesta esc\u00e9nica que toma vida como un juego de azar. Lo imprevisible saca la cabeza entre lo que se espera, lo deseado o planeado&#8230; y entre las pocas opciones que nos quedan: \u00a1tirar, puede que adelante!<\/p>\n\n<div class=\"is-layout-flex wp-block-buttons\">\n<div class=\"wp-block-button\"><a class=\"wp-block-button__link wp-element-button\" href=\"https:\/\/web.sabadell.cat\/centres-civics-relacio\/torre-romeu\" target=\"_blank\" rel=\"noreferrer noopener\">22 de diciembre 2022 &#8211; 20h &#8211; Centro C\u00edvico Torre Romeu<\/a><\/div>\n\n\n\n<div class=\"wp-block-button\"><a class=\"wp-block-button__link wp-element-button\" href=\"https:\/\/lestruch.sabadell.cat\/index.php?option=com_content&amp;view=article&amp;id=3803&amp;Itemid=113\" target=\"_blank\" rel=\"noreferrer noopener\">23 de diciembre 2022 &#8211; 20h &#8211; L&#8217;Estruch<\/a><\/div>\n<\/div>\n","protected":false},"excerpt":{"rendered":"<p>Ciudades en Danza es un proyecto de danza comunitaria en el cual puede participar cualquier persona, sin exclusi\u00f3n, y que definimos como \u00abuna experiencia humana a trav\u00e9s del arte\u00bb. La presente edici\u00f3n tiene lugar en Sabadell y se enmarca en el proyecto Torre-Romeu Batega, que tiene por objetivo ofrecer actividades culturales para el barrio y [&hellip;]<\/p>\n","protected":false},"author":1,"featured_media":2326,"comment_status":"open","ping_status":"open","sticky":false,"template":"","format":"standard","meta":[],"categories":[42,6],"tags":[45,43,44,46],"acf":[],"yoast_head":"<!-- This site is optimized with the Yoast SEO plugin v19.10 - https:\/\/yoast.com\/wordpress\/plugins\/seo\/ -->\n<title>&quot;Em toca a mi tirar&quot;, nuevo espect\u00e1culo de Ciudades en Danza - Iliacan<\/title>\n<meta name=\"robots\" content=\"index, follow, max-snippet:-1, max-image-preview:large, max-video-preview:-1\" \/>\n<link rel=\"canonical\" href=\"http:\/\/www.iliacan.com\/es\/2022\/12\/19\/em-toca-a-mi-tirar-nuevo-espectaculo-de-ciudades-en-danza\/\" \/>\n<meta property=\"og:locale\" content=\"es_ES\" \/>\n<meta property=\"og:type\" content=\"article\" \/>\n<meta property=\"og:title\" content=\"&quot;Em toca a mi tirar&quot;, nuevo espect\u00e1culo de Ciudades en Danza - Iliacan\" \/>\n<meta property=\"og:description\" content=\"Ciudades en Danza es un proyecto de danza comunitaria en el cual puede participar cualquier persona, sin exclusi\u00f3n, y que definimos como \u00abuna experiencia humana a trav\u00e9s del arte\u00bb. La presente edici\u00f3n tiene lugar en Sabadell y se enmarca en el proyecto Torre-Romeu Batega, que tiene por objetivo ofrecer actividades culturales para el barrio y [&hellip;]\" \/>\n<meta property=\"og:url\" content=\"http:\/\/www.iliacan.com\/es\/2022\/12\/19\/em-toca-a-mi-tirar-nuevo-espectaculo-de-ciudades-en-danza\/\" \/>\n<meta property=\"og:site_name\" content=\"Iliacan\" \/>\n<meta property=\"article:published_time\" content=\"2022-12-19T20:22:37+00:00\" \/>\n<meta property=\"og:image\" content=\"http:\/\/www.iliacan.com\/wp-content\/uploads\/2022\/12\/cd22-cartell-scaled.jpg\" \/>\n\t<meta property=\"og:image:width\" content=\"1810\" \/>\n\t<meta property=\"og:image:height\" content=\"2560\" \/>\n\t<meta property=\"og:image:type\" content=\"image\/jpeg\" \/>\n<meta name=\"author\" content=\"admin_iliacan\" \/>\n<meta name=\"twitter:card\" content=\"summary_large_image\" \/>\n<meta name=\"twitter:label1\" content=\"Escrito por\" \/>\n\t<meta name=\"twitter:data1\" content=\"admin_iliacan\" \/>\n\t<meta name=\"twitter:label2\" content=\"Tiempo de lectura\" \/>\n\t<meta name=\"twitter:data2\" content=\"1 minuto\" \/>\n<script type=\"application\/ld+json\" class=\"yoast-schema-graph\">{\"@context\":\"https:\/\/schema.org\",\"@graph\":[{\"@type\":\"WebPage\",\"@id\":\"http:\/\/www.iliacan.com\/es\/2022\/12\/19\/em-toca-a-mi-tirar-nuevo-espectaculo-de-ciudades-en-danza\/\",\"url\":\"http:\/\/www.iliacan.com\/es\/2022\/12\/19\/em-toca-a-mi-tirar-nuevo-espectaculo-de-ciudades-en-danza\/\",\"name\":\"\\\"Em toca a mi tirar\\\", nuevo espect\u00e1culo de Ciudades en Danza - Iliacan\",\"isPartOf\":{\"@id\":\"http:\/\/www.iliacan.com\/es\/#website\"},\"datePublished\":\"2022-12-19T20:22:37+00:00\",\"dateModified\":\"2022-12-19T20:22:37+00:00\",\"author\":{\"@id\":\"http:\/\/www.iliacan.com\/es\/#\/schema\/person\/ec2552db911764d07bf4befbb743e8a9\"},\"breadcrumb\":{\"@id\":\"http:\/\/www.iliacan.com\/es\/2022\/12\/19\/em-toca-a-mi-tirar-nuevo-espectaculo-de-ciudades-en-danza\/#breadcrumb\"},\"inLanguage\":\"es\",\"potentialAction\":[{\"@type\":\"ReadAction\",\"target\":[\"http:\/\/www.iliacan.com\/es\/2022\/12\/19\/em-toca-a-mi-tirar-nuevo-espectaculo-de-ciudades-en-danza\/\"]}]},{\"@type\":\"BreadcrumbList\",\"@id\":\"http:\/\/www.iliacan.com\/es\/2022\/12\/19\/em-toca-a-mi-tirar-nuevo-espectaculo-de-ciudades-en-danza\/#breadcrumb\",\"itemListElement\":[{\"@type\":\"ListItem\",\"position\":1,\"name\":\"Portada\",\"item\":\"http:\/\/www.iliacan.com\/es\/\"},{\"@type\":\"ListItem\",\"position\":2,\"name\":\"&#8220;Em toca a mi tirar&#8221;, nuevo espect\u00e1culo de Ciudades en Danza\"}]},{\"@type\":\"WebSite\",\"@id\":\"http:\/\/www.iliacan.com\/es\/#website\",\"url\":\"http:\/\/www.iliacan.com\/es\/\",\"name\":\"Iliacan\",\"description\":\"Iliacan\",\"potentialAction\":[{\"@type\":\"SearchAction\",\"target\":{\"@type\":\"EntryPoint\",\"urlTemplate\":\"http:\/\/www.iliacan.com\/es\/?s={search_term_string}\"},\"query-input\":\"required name=search_term_string\"}],\"inLanguage\":\"es\"},{\"@type\":\"Person\",\"@id\":\"http:\/\/www.iliacan.com\/es\/#\/schema\/person\/ec2552db911764d07bf4befbb743e8a9\",\"name\":\"admin_iliacan\",\"image\":{\"@type\":\"ImageObject\",\"inLanguage\":\"es\",\"@id\":\"http:\/\/www.iliacan.com\/es\/#\/schema\/person\/image\/\",\"url\":\"http:\/\/1.gravatar.com\/avatar\/d4abe48fd2064ed4c5e07443c9855430?s=96&d=mm&r=g\",\"contentUrl\":\"http:\/\/1.gravatar.com\/avatar\/d4abe48fd2064ed4c5e07443c9855430?s=96&d=mm&r=g\",\"caption\":\"admin_iliacan\"},\"url\":\"http:\/\/www.iliacan.com\/es\/author\/admin_iliacan\/\"}]}<\/script>\n<!-- \/ Yoast SEO plugin. -->","yoast_head_json":{"title":"\"Em toca a mi tirar\", nuevo espect\u00e1culo de Ciudades en Danza - Iliacan","robots":{"index":"index","follow":"follow","max-snippet":"max-snippet:-1","max-image-preview":"max-image-preview:large","max-video-preview":"max-video-preview:-1"},"canonical":"http:\/\/www.iliacan.com\/es\/2022\/12\/19\/em-toca-a-mi-tirar-nuevo-espectaculo-de-ciudades-en-danza\/","og_locale":"es_ES","og_type":"article","og_title":"\"Em toca a mi tirar\", nuevo espect\u00e1culo de Ciudades en Danza - Iliacan","og_description":"Ciudades en Danza es un proyecto de danza comunitaria en el cual puede participar cualquier persona, sin exclusi\u00f3n, y que definimos como \u00abuna experiencia humana a trav\u00e9s del arte\u00bb. La presente edici\u00f3n tiene lugar en Sabadell y se enmarca en el proyecto Torre-Romeu Batega, que tiene por objetivo ofrecer actividades culturales para el barrio y [&hellip;]","og_url":"http:\/\/www.iliacan.com\/es\/2022\/12\/19\/em-toca-a-mi-tirar-nuevo-espectaculo-de-ciudades-en-danza\/","og_site_name":"Iliacan","article_published_time":"2022-12-19T20:22:37+00:00","og_image":[{"width":1810,"height":2560,"url":"http:\/\/www.iliacan.com\/wp-content\/uploads\/2022\/12\/cd22-cartell-scaled.jpg","type":"image\/jpeg"}],"author":"admin_iliacan","twitter_card":"summary_large_image","twitter_misc":{"Escrito por":"admin_iliacan","Tiempo de lectura":"1 minuto"},"schema":{"@context":"https:\/\/schema.org","@graph":[{"@type":"WebPage","@id":"http:\/\/www.iliacan.com\/es\/2022\/12\/19\/em-toca-a-mi-tirar-nuevo-espectaculo-de-ciudades-en-danza\/","url":"http:\/\/www.iliacan.com\/es\/2022\/12\/19\/em-toca-a-mi-tirar-nuevo-espectaculo-de-ciudades-en-danza\/","name":"\"Em toca a mi tirar\", nuevo espect\u00e1culo de Ciudades en Danza - Iliacan","isPartOf":{"@id":"http:\/\/www.iliacan.com\/es\/#website"},"datePublished":"2022-12-19T20:22:37+00:00","dateModified":"2022-12-19T20:22:37+00:00","author":{"@id":"http:\/\/www.iliacan.com\/es\/#\/schema\/person\/ec2552db911764d07bf4befbb743e8a9"},"breadcrumb":{"@id":"http:\/\/www.iliacan.com\/es\/2022\/12\/19\/em-toca-a-mi-tirar-nuevo-espectaculo-de-ciudades-en-danza\/#breadcrumb"},"inLanguage":"es","potentialAction":[{"@type":"ReadAction","target":["http:\/\/www.iliacan.com\/es\/2022\/12\/19\/em-toca-a-mi-tirar-nuevo-espectaculo-de-ciudades-en-danza\/"]}]},{"@type":"BreadcrumbList","@id":"http:\/\/www.iliacan.com\/es\/2022\/12\/19\/em-toca-a-mi-tirar-nuevo-espectaculo-de-ciudades-en-danza\/#breadcrumb","itemListElement":[{"@type":"ListItem","position":1,"name":"Portada","item":"http:\/\/www.iliacan.com\/es\/"},{"@type":"ListItem","position":2,"name":"&#8220;Em toca a mi tirar&#8221;, nuevo espect\u00e1culo de Ciudades en Danza"}]},{"@type":"WebSite","@id":"http:\/\/www.iliacan.com\/es\/#website","url":"http:\/\/www.iliacan.com\/es\/","name":"Iliacan","description":"Iliacan","potentialAction":[{"@type":"SearchAction","target":{"@type":"EntryPoint","urlTemplate":"http:\/\/www.iliacan.com\/es\/?s={search_term_string}"},"query-input":"required name=search_term_string"}],"inLanguage":"es"},{"@type":"Person","@id":"http:\/\/www.iliacan.com\/es\/#\/schema\/person\/ec2552db911764d07bf4befbb743e8a9","name":"admin_iliacan","image":{"@type":"ImageObject","inLanguage":"es","@id":"http:\/\/www.iliacan.com\/es\/#\/schema\/person\/image\/","url":"http:\/\/1.gravatar.com\/avatar\/d4abe48fd2064ed4c5e07443c9855430?s=96&d=mm&r=g","contentUrl":"http:\/\/1.gravatar.com\/avatar\/d4abe48fd2064ed4c5e07443c9855430?s=96&d=mm&r=g","caption":"admin_iliacan"},"url":"http:\/\/www.iliacan.com\/es\/author\/admin_iliacan\/"}]}},"_links":{"self":[{"href":"http:\/\/www.iliacan.com\/es\/wp-json\/wp\/v2\/posts\/2332"}],"collection":[{"href":"http:\/\/www.iliacan.com\/es\/wp-json\/wp\/v2\/posts"}],"about":[{"href":"http:\/\/www.iliacan.com\/es\/wp-json\/wp\/v2\/types\/post"}],"author":[{"embeddable":true,"href":"http:\/\/www.iliacan.com\/es\/wp-json\/wp\/v2\/users\/1"}],"replies":[{"embeddable":true,"href":"http:\/\/www.iliacan.com\/es\/wp-json\/wp\/v2\/comments?post=2332"}],"version-history":[{"count":1,"href":"http:\/\/www.iliacan.com\/es\/wp-json\/wp\/v2\/posts\/2332\/revisions"}],"predecessor-version":[{"id":2333,"href":"http:\/\/www.iliacan.com\/es\/wp-json\/wp\/v2\/posts\/2332\/revisions\/2333"}],"wp:featuredmedia":[{"embeddable":true,"href":"http:\/\/www.iliacan.com\/es\/wp-json\/wp\/v2\/media\/2326"}],"wp:attachment":[{"href":"http:\/\/www.iliacan.com\/es\/wp-json\/wp\/v2\/media?parent=2332"}],"wp:term":[{"taxonomy":"category","embeddable":true,"href":"http:\/\/www.iliacan.com\/es\/wp-json\/wp\/v2\/categories?post=2332"},{"taxonomy":"post_tag","embeddable":true,"href":"http:\/\/www.iliacan.com\/es\/wp-json\/wp\/v2\/tags?post=2332"}],"curies":[{"name":"wp","href":"https:\/\/api.w.org\/{rel}","templated":true}]}}